{"id":16821,"date":"2021-09-16T13:45:25","date_gmt":"2021-09-16T17:45:25","guid":{"rendered":"https:\/\/www.zonetechnologie.com\/?p=16821"},"modified":"2021-12-16T13:46:15","modified_gmt":"2021-12-16T18:46:15","slug":"zone-technologie-contribue-au-projet-esteban-de-lecole-polytechnique-de-montreal","status":"publish","type":"post","link":"https:\/\/www.zonetechnologie.com\/fr\/nouvelles\/zone-technologie-contribue-au-projet-esteban-de-lecole-polytechnique-de-montreal\/","title":{"rendered":"Zone Technologie contribue au projet Esteban <br> de l\u2019\u00e9cole Polytechnique de Montr\u00e9al"},"content":{"rendered":"\t\t<div data-elementor-type=\"wp-post\" data-elementor-id=\"16821\" class=\"elementor elementor-16821\">\n\t\t\t\t\t\t\t\t\t<section class=\"elementor-section elementor-top-section elementor-element elementor-element-cd7e556 elementor-section-boxed elementor-section-height-default elementor-section-height-default\" data-id=\"cd7e556\" data-element_type=\"section\">\n\t\t\t\t\t\t<div class=\"elementor-container elementor-column-gap-default\">\n\t\t\t\t\t<div class=\"elementor-column elementor-col-100 elementor-top-column elementor-element elementor-element-2e9c1e92\" data-id=\"2e9c1e92\" data-element_type=\"column\">\n\t\t\t<div class=\"elementor-widget-wrap elementor-element-populated\">\n\t\t\t\t\t\t\t\t<div class=\"elementor-element elementor-element-71dfa550 elementor-widget elementor-widget-text-editor\" data-id=\"71dfa550\" data-element_type=\"widget\" data-widget_type=\"text-editor.default\">\n\t\t\t\t<div class=\"elementor-widget-container\">\n\t\t\t\t\t\t\t<blockquote class=\"twitter-tweet\"><p dir=\"ltr\" lang=\"fr\">Conscients des enjeux environnementaux, Zone Technologie est fi\u00e8re d\u2019avoir pu contribuer au projet Esteban de l\u2019\u00e9cole Polytechnique de Montr\u00e9al. Pour assurer la s\u00e9curit\u00e9 tout au long du trajet nous avons mis \u00e0 leur disposition une barre stroboscopique DEL pleine grandeur. <a href=\"https:\/\/t.co\/6DnG6oqX7c\">pic.twitter.com\/6DnG6oqX7c<\/a><\/p><p>\u2014 Zone Technologies (@zonetechnologie) <a href=\"https:\/\/twitter.com\/zonetechnologie\/status\/1438205329217572875?ref_src=twsrc%5Etfw\">September 15, 2021<\/a><\/p><\/blockquote><p><script async src=\"https:\/\/platform.twitter.com\/widgets.js\" charset=\"utf-8\"><\/script><\/p>\t\t\t\t\t\t<\/div>\n\t\t\t\t<\/div>\n\t\t\t\t\t<\/div>\n\t\t<\/div>\n\t\t\t\t\t\t\t<\/div>\n\t\t<\/section>\n\t\t\t\t\t\t\t<\/div>\n\t\t","protected":false},"excerpt":{"rendered":"<p>Conscients des enjeux environnementaux, Zone Technologie est fi\u00e8re d\u2019avoir pu contribuer au projet Esteban de l\u2019\u00e9cole Polytechnique de Montr\u00e9al. Pour assurer la s\u00e9curit\u00e9 tout au long du trajet nous avons mis \u00e0 leur disposition une barre stroboscopique DEL pleine grandeur. pic.twitter.com\/6DnG6oqX7c \u2014 Zone Technologies (@zonetechnologie) September 15, 2021<\/p>\n","protected":false},"author":4,"featured_media":0,"comment_status":"closed","ping_status":"closed","sticky":false,"template":"","format":"standard","meta":[],"categories":[1],"tags":[],"acf":[],"yoast_head":"<!-- This site is optimized with the Yoast SEO plugin v21.8 - https:\/\/yoast.com\/wordpress\/plugins\/seo\/ -->\n<title>Zone Technologie contribue au projet Esteban  de l\u2019\u00e9cole Polytechnique de Montr\u00e9al - Zone Technologie \u00c9lectronique Inc.<\/title>\n<meta name=\"description\" content=\"Conscients des enjeux environnementaux, Zone Technologie est fi\u00e8re d\u2019avoir pu contribuer au projet Esteban de l\u2019\u00e9cole Polytechnique de Montr\u00e9al. Pour\" \/>\n<meta name=\"robots\" content=\"index, follow, max-snippet:-1, max-image-preview:large, max-video-preview:-1\" \/>\n<link rel=\"canonical\" href=\"https:\/\/www.zonetechnologie.com\/fr\/nouvelles\/zone-technologie-contribue-au-projet-esteban-de-lecole-polytechnique-de-montreal\/\" \/>\n<meta property=\"og:locale\" content=\"fr_CA\" \/>\n<meta property=\"og:type\" content=\"article\" \/>\n<meta property=\"og:title\" content=\"Zone Technologie contribue au projet Esteban  de l\u2019\u00e9cole Polytechnique de Montr\u00e9al - Zone Technologie \u00c9lectronique Inc.\" \/>\n<meta property=\"og:description\" content=\"Conscients des enjeux environnementaux, Zone Technologie est fi\u00e8re d\u2019avoir pu contribuer au projet Esteban de l\u2019\u00e9cole Polytechnique de Montr\u00e9al. Pour\" \/>\n<meta property=\"og:url\" content=\"https:\/\/www.zonetechnologie.com\/fr\/nouvelles\/zone-technologie-contribue-au-projet-esteban-de-lecole-polytechnique-de-montreal\/\" \/>\n<meta property=\"og:site_name\" content=\"Zone Technologie \u00c9lectronique Inc.\" \/>\n<meta property=\"article:published_time\" content=\"2021-09-16T17:45:25+00:00\" \/>\n<meta property=\"article:modified_time\" content=\"2021-12-16T18:46:15+00:00\" \/>\n<meta property=\"og:image\" content=\"https:\/\/www.zonetechnologie.com\/wp-content\/uploads\/2020\/05\/ZTE-OG.png\" \/>\n\t<meta property=\"og:image:width\" content=\"1200\" \/>\n\t<meta property=\"og:image:height\" content=\"630\" \/>\n\t<meta property=\"og:image:type\" content=\"image\/png\" \/>\n<meta name=\"author\" content=\"rbonaduce\" \/>\n<meta name=\"twitter:card\" content=\"summary_large_image\" \/>\n<meta name=\"twitter:label1\" content=\"\u00c9crit par\" \/>\n\t<meta name=\"twitter:data1\" content=\"rbonaduce\" \/>\n<script type=\"application\/ld+json\" class=\"yoast-schema-graph\">{\"@context\":\"https:\/\/schema.org\",\"@graph\":[{\"@type\":\"Article\",\"@id\":\"https:\/\/www.zonetechnologie.com\/fr\/nouvelles\/zone-technologie-contribue-au-projet-esteban-de-lecole-polytechnique-de-montreal\/#article\",\"isPartOf\":{\"@id\":\"https:\/\/www.zonetechnologie.com\/fr\/nouvelles\/zone-technologie-contribue-au-projet-esteban-de-lecole-polytechnique-de-montreal\/\"},\"author\":{\"name\":\"rbonaduce\",\"@id\":\"https:\/\/www.zonetechnologie.com\/fr\/#\/schema\/person\/e277f01cae1ea760af0e23713335bc39\"},\"headline\":\"Zone Technologie contribue au projet Esteban de l\u2019\u00e9cole Polytechnique de Montr\u00e9al\",\"datePublished\":\"2021-09-16T17:45:25+00:00\",\"dateModified\":\"2021-12-16T18:46:15+00:00\",\"mainEntityOfPage\":{\"@id\":\"https:\/\/www.zonetechnologie.com\/fr\/nouvelles\/zone-technologie-contribue-au-projet-esteban-de-lecole-polytechnique-de-montreal\/\"},\"wordCount\":67,\"publisher\":{\"@id\":\"https:\/\/www.zonetechnologie.com\/fr\/#organization\"},\"articleSection\":[\"Non classifi\u00e9(e)\"],\"inLanguage\":\"fr-CA\"},{\"@type\":\"WebPage\",\"@id\":\"https:\/\/www.zonetechnologie.com\/fr\/nouvelles\/zone-technologie-contribue-au-projet-esteban-de-lecole-polytechnique-de-montreal\/\",\"url\":\"https:\/\/www.zonetechnologie.com\/fr\/nouvelles\/zone-technologie-contribue-au-projet-esteban-de-lecole-polytechnique-de-montreal\/\",\"name\":\"Zone Technologie contribue au projet Esteban de l\u2019\u00e9cole Polytechnique de Montr\u00e9al - Zone Technologie \u00c9lectronique Inc.\",\"isPartOf\":{\"@id\":\"https:\/\/www.zonetechnologie.com\/fr\/#website\"},\"datePublished\":\"2021-09-16T17:45:25+00:00\",\"dateModified\":\"2021-12-16T18:46:15+00:00\",\"description\":\"Conscients des enjeux environnementaux, Zone Technologie est fi\u00e8re d\u2019avoir pu contribuer au projet Esteban de l\u2019\u00e9cole Polytechnique de Montr\u00e9al. Pour\",\"breadcrumb\":{\"@id\":\"https:\/\/www.zonetechnologie.com\/fr\/nouvelles\/zone-technologie-contribue-au-projet-esteban-de-lecole-polytechnique-de-montreal\/#breadcrumb\"},\"inLanguage\":\"fr-CA\",\"potentialAction\":[{\"@type\":\"ReadAction\",\"target\":[\"https:\/\/www.zonetechnologie.com\/fr\/nouvelles\/zone-technologie-contribue-au-projet-esteban-de-lecole-polytechnique-de-montreal\/\"]}]},{\"@type\":\"BreadcrumbList\",\"@id\":\"https:\/\/www.zonetechnologie.com\/fr\/nouvelles\/zone-technologie-contribue-au-projet-esteban-de-lecole-polytechnique-de-montreal\/#breadcrumb\",\"itemListElement\":[{\"@type\":\"ListItem\",\"position\":1,\"name\":\"Accueil\",\"item\":\"https:\/\/www.zonetechnologie.com\/fr\/\"},{\"@type\":\"ListItem\",\"position\":2,\"name\":\"Zone Technologie contribue au projet Esteban de l\u2019\u00e9cole Polytechnique de Montr\u00e9al\"}]},{\"@type\":\"WebSite\",\"@id\":\"https:\/\/www.zonetechnologie.com\/fr\/#website\",\"url\":\"https:\/\/www.zonetechnologie.com\/fr\/\",\"name\":\"Zone Technologie \u00c9lectronique Inc.\",\"description\":\"Innovation en mouvement\",\"publisher\":{\"@id\":\"https:\/\/www.zonetechnologie.com\/fr\/#organization\"},\"potentialAction\":[{\"@type\":\"SearchAction\",\"target\":{\"@type\":\"EntryPoint\",\"urlTemplate\":\"https:\/\/www.zonetechnologie.com\/fr\/?s={search_term_string}\"},\"query-input\":\"required name=search_term_string\"}],\"inLanguage\":\"fr-CA\"},{\"@type\":\"Organization\",\"@id\":\"https:\/\/www.zonetechnologie.com\/fr\/#organization\",\"name\":\"Zone Technologie\",\"url\":\"https:\/\/www.zonetechnologie.com\/fr\/\",\"logo\":{\"@type\":\"ImageObject\",\"inLanguage\":\"fr-CA\",\"@id\":\"https:\/\/www.zonetechnologie.com\/fr\/#\/schema\/logo\/image\/\",\"url\":\"https:\/\/www.zonetechnologie.com\/wp-content\/uploads\/2020\/02\/zone_favicon.png\",\"contentUrl\":\"https:\/\/www.zonetechnologie.com\/wp-content\/uploads\/2020\/02\/zone_favicon.png\",\"width\":531,\"height\":531,\"caption\":\"Zone Technologie\"},\"image\":{\"@id\":\"https:\/\/www.zonetechnologie.com\/fr\/#\/schema\/logo\/image\/\"}},{\"@type\":\"Person\",\"@id\":\"https:\/\/www.zonetechnologie.com\/fr\/#\/schema\/person\/e277f01cae1ea760af0e23713335bc39\",\"name\":\"rbonaduce\",\"image\":{\"@type\":\"ImageObject\",\"inLanguage\":\"fr-CA\",\"@id\":\"https:\/\/www.zonetechnologie.com\/fr\/#\/schema\/person\/image\/\",\"url\":\"https:\/\/secure.gravatar.com\/avatar\/e0c34ab1bef782741d14082ae9482dcd?s=96&d=mm&r=g\",\"contentUrl\":\"https:\/\/secure.gravatar.com\/avatar\/e0c34ab1bef782741d14082ae9482dcd?s=96&d=mm&r=g\",\"caption\":\"rbonaduce\"}}]}<\/script>\n<!-- \/ Yoast SEO plugin. -->","yoast_head_json":{"title":"Zone Technologie contribue au projet Esteban  de l\u2019\u00e9cole Polytechnique de Montr\u00e9al - Zone Technologie \u00c9lectronique Inc.","description":"Conscients des enjeux environnementaux, Zone Technologie est fi\u00e8re d\u2019avoir pu contribuer au projet Esteban de l\u2019\u00e9cole Polytechnique de Montr\u00e9al. Pour","robots":{"index":"index","follow":"follow","max-snippet":"max-snippet:-1","max-image-preview":"max-image-preview:large","max-video-preview":"max-video-preview:-1"},"canonical":"https:\/\/www.zonetechnologie.com\/fr\/nouvelles\/zone-technologie-contribue-au-projet-esteban-de-lecole-polytechnique-de-montreal\/","og_locale":"fr_CA","og_type":"article","og_title":"Zone Technologie contribue au projet Esteban  de l\u2019\u00e9cole Polytechnique de Montr\u00e9al - Zone Technologie \u00c9lectronique Inc.","og_description":"Conscients des enjeux environnementaux, Zone Technologie est fi\u00e8re d\u2019avoir pu contribuer au projet Esteban de l\u2019\u00e9cole Polytechnique de Montr\u00e9al. Pour","og_url":"https:\/\/www.zonetechnologie.com\/fr\/nouvelles\/zone-technologie-contribue-au-projet-esteban-de-lecole-polytechnique-de-montreal\/","og_site_name":"Zone Technologie \u00c9lectronique Inc.","article_published_time":"2021-09-16T17:45:25+00:00","article_modified_time":"2021-12-16T18:46:15+00:00","og_image":[{"width":1200,"height":630,"url":"https:\/\/www.zonetechnologie.com\/wp-content\/uploads\/2020\/05\/ZTE-OG.png","type":"image\/png"}],"author":"rbonaduce","twitter_card":"summary_large_image","twitter_misc":{"\u00c9crit par":"rbonaduce"},"schema":{"@context":"https:\/\/schema.org","@graph":[{"@type":"Article","@id":"https:\/\/www.zonetechnologie.com\/fr\/nouvelles\/zone-technologie-contribue-au-projet-esteban-de-lecole-polytechnique-de-montreal\/#article","isPartOf":{"@id":"https:\/\/www.zonetechnologie.com\/fr\/nouvelles\/zone-technologie-contribue-au-projet-esteban-de-lecole-polytechnique-de-montreal\/"},"author":{"name":"rbonaduce","@id":"https:\/\/www.zonetechnologie.com\/fr\/#\/schema\/person\/e277f01cae1ea760af0e23713335bc39"},"headline":"Zone Technologie contribue au projet Esteban de l\u2019\u00e9cole Polytechnique de Montr\u00e9al","datePublished":"2021-09-16T17:45:25+00:00","dateModified":"2021-12-16T18:46:15+00:00","mainEntityOfPage":{"@id":"https:\/\/www.zonetechnologie.com\/fr\/nouvelles\/zone-technologie-contribue-au-projet-esteban-de-lecole-polytechnique-de-montreal\/"},"wordCount":67,"publisher":{"@id":"https:\/\/www.zonetechnologie.com\/fr\/#organization"},"articleSection":["Non classifi\u00e9(e)"],"inLanguage":"fr-CA"},{"@type":"WebPage","@id":"https:\/\/www.zonetechnologie.com\/fr\/nouvelles\/zone-technologie-contribue-au-projet-esteban-de-lecole-polytechnique-de-montreal\/","url":"https:\/\/www.zonetechnologie.com\/fr\/nouvelles\/zone-technologie-contribue-au-projet-esteban-de-lecole-polytechnique-de-montreal\/","name":"Zone Technologie contribue au projet Esteban de l\u2019\u00e9cole Polytechnique de Montr\u00e9al - Zone Technologie \u00c9lectronique Inc.","isPartOf":{"@id":"https:\/\/www.zonetechnologie.com\/fr\/#website"},"datePublished":"2021-09-16T17:45:25+00:00","dateModified":"2021-12-16T18:46:15+00:00","description":"Conscients des enjeux environnementaux, Zone Technologie est fi\u00e8re d\u2019avoir pu contribuer au projet Esteban de l\u2019\u00e9cole Polytechnique de Montr\u00e9al. Pour","breadcrumb":{"@id":"https:\/\/www.zonetechnologie.com\/fr\/nouvelles\/zone-technologie-contribue-au-projet-esteban-de-lecole-polytechnique-de-montreal\/#breadcrumb"},"inLanguage":"fr-CA","potentialAction":[{"@type":"ReadAction","target":["https:\/\/www.zonetechnologie.com\/fr\/nouvelles\/zone-technologie-contribue-au-projet-esteban-de-lecole-polytechnique-de-montreal\/"]}]},{"@type":"BreadcrumbList","@id":"https:\/\/www.zonetechnologie.com\/fr\/nouvelles\/zone-technologie-contribue-au-projet-esteban-de-lecole-polytechnique-de-montreal\/#breadcrumb","itemListElement":[{"@type":"ListItem","position":1,"name":"Accueil","item":"https:\/\/www.zonetechnologie.com\/fr\/"},{"@type":"ListItem","position":2,"name":"Zone Technologie contribue au projet Esteban de l\u2019\u00e9cole Polytechnique de Montr\u00e9al"}]},{"@type":"WebSite","@id":"https:\/\/www.zonetechnologie.com\/fr\/#website","url":"https:\/\/www.zonetechnologie.com\/fr\/","name":"Zone Technologie \u00c9lectronique Inc.","description":"Innovation en mouvement","publisher":{"@id":"https:\/\/www.zonetechnologie.com\/fr\/#organization"},"potentialAction":[{"@type":"SearchAction","target":{"@type":"EntryPoint","urlTemplate":"https:\/\/www.zonetechnologie.com\/fr\/?s={search_term_string}"},"query-input":"required name=search_term_string"}],"inLanguage":"fr-CA"},{"@type":"Organization","@id":"https:\/\/www.zonetechnologie.com\/fr\/#organization","name":"Zone Technologie","url":"https:\/\/www.zonetechnologie.com\/fr\/","logo":{"@type":"ImageObject","inLanguage":"fr-CA","@id":"https:\/\/www.zonetechnologie.com\/fr\/#\/schema\/logo\/image\/","url":"https:\/\/www.zonetechnologie.com\/wp-content\/uploads\/2020\/02\/zone_favicon.png","contentUrl":"https:\/\/www.zonetechnologie.com\/wp-content\/uploads\/2020\/02\/zone_favicon.png","width":531,"height":531,"caption":"Zone Technologie"},"image":{"@id":"https:\/\/www.zonetechnologie.com\/fr\/#\/schema\/logo\/image\/"}},{"@type":"Person","@id":"https:\/\/www.zonetechnologie.com\/fr\/#\/schema\/person\/e277f01cae1ea760af0e23713335bc39","name":"rbonaduce","image":{"@type":"ImageObject","inLanguage":"fr-CA","@id":"https:\/\/www.zonetechnologie.com\/fr\/#\/schema\/person\/image\/","url":"https:\/\/secure.gravatar.com\/avatar\/e0c34ab1bef782741d14082ae9482dcd?s=96&d=mm&r=g","contentUrl":"https:\/\/secure.gravatar.com\/avatar\/e0c34ab1bef782741d14082ae9482dcd?s=96&d=mm&r=g","caption":"rbonaduce"}}]}},"_links":{"self":[{"href":"https:\/\/www.zonetechnologie.com\/fr\/wp-json\/wp\/v2\/posts\/16821"}],"collection":[{"href":"https:\/\/www.zonetechnologie.com\/fr\/wp-json\/wp\/v2\/posts"}],"about":[{"href":"https:\/\/www.zonetechnologie.com\/fr\/wp-json\/wp\/v2\/types\/post"}],"author":[{"embeddable":true,"href":"https:\/\/www.zonetechnologie.com\/fr\/wp-json\/wp\/v2\/users\/4"}],"replies":[{"embeddable":true,"href":"https:\/\/www.zonetechnologie.com\/fr\/wp-json\/wp\/v2\/comments?post=16821"}],"version-history":[{"count":8,"href":"https:\/\/www.zonetechnologie.com\/fr\/wp-json\/wp\/v2\/posts\/16821\/revisions"}],"predecessor-version":[{"id":16829,"href":"https:\/\/www.zonetechnologie.com\/fr\/wp-json\/wp\/v2\/posts\/16821\/revisions\/16829"}],"wp:attachment":[{"href":"https:\/\/www.zonetechnologie.com\/fr\/wp-json\/wp\/v2\/media?parent=16821"}],"wp:term":[{"taxonomy":"category","embeddable":true,"href":"https:\/\/www.zonetechnologie.com\/fr\/wp-json\/wp\/v2\/categories?post=16821"},{"taxonomy":"post_tag","embeddable":true,"href":"https:\/\/www.zonetechnologie.com\/fr\/wp-json\/wp\/v2\/tags?post=16821"}],"curies":[{"name":"wp","href":"https:\/\/api.w.org\/{rel}","templated":true}]}}